{"id":105,"date":"2021-05-26T12:30:03","date_gmt":"2021-05-26T10:30:03","guid":{"rendered":"https:\/\/www.autotransferdelsol.com\/blog\/?p=105"},"modified":"2021-08-24T13:12:17","modified_gmt":"2021-08-24T11:12:17","slug":"cuatro-medidas-que-se-han-tomado-para-la-recuperacion-del-turismo-en-la-costa-del-sol","status":"publish","type":"post","link":"https:\/\/www.autotransferdelsol.com\/blog\/cuatro-medidas-que-se-han-tomado-para-la-recuperacion-del-turismo-en-la-costa-del-sol\/","title":{"rendered":"Cuatro medidas que se han tomado para la recuperaci\u00f3n del turismo en la Costa del Sol"},"content":{"rendered":"\n<p>La pandemia ha logrado que el <strong>turismo en la Costa del Sol<\/strong> registre n\u00fameros m\u00e1s que rojos. Sin embargo, tras un a\u00f1o catastr\u00f3fico para el sector, en la entidad llevan a cabo distintas estrategias para reducir el tiempo de recuperaci\u00f3n.<\/p>\n\n\n\n<p>Son estas las razones por las cuales las <strong>Pymes<\/strong>, los grandes empresarios, las empresas de <a href=\"https:\/\/www.autotransferdelsol.com\/\">transfer en M\u00e1laga<\/a>, las entidades p\u00fablicas y sobre todo los turistas, esperan encontrarse este verano con la <strong>Costa del Sol<\/strong> en todo su apogeo. Entre las medidas que explican la recuperaci\u00f3n, mencionamos:<\/p>\n\n\n\n<div style=\"height:28px\" aria-hidden=\"true\" class=\"wp-block-spacer\"><\/div>\n\n\n\n<h2>1. Cooperaci\u00f3n entre el sector privado y p\u00fablico<\/h2>\n\n\n\n<p>En el 2017 cuando la situaci\u00f3n era muy distinta a la actual, ya se ejecutaban este tipo de proyectos. Sin embargo, ahora la colaboraci\u00f3n entre la <strong>industria privada<\/strong> y las instituciones p\u00fablicas es una de las claves para que el sector tur\u00edstico recupere gran parte de la econom\u00eda de Costa del Sol.<\/p>\n\n\n\n<p>Ambos sectores llevan trabajando en la realizaci\u00f3n de distintas actividades que permitan promocionar la Costa del Sol como un destino tur\u00edstico divertido, relajante, pero, sobre todo, con <strong>seguridad sanitaria<\/strong>. Los planes de acci\u00f3n buscan acortar los plazos para la recuperaci\u00f3n. Por esta raz\u00f3n, se espera que la afluencia tanto de nacionales como de internacionales comience a subir a partir de junio.<\/p>\n\n\n\n<div style=\"height:28px\" aria-hidden=\"true\" class=\"wp-block-spacer\"><\/div>\n\n\n\n<h2>2. Plan de marketing tur\u00edstico<\/h2>\n\n\n\n<p>Dentro del plan de acci\u00f3n propuesto por el sector p\u00fablico y el privado, se encuentra el <strong>plan de marketing tur\u00edstico<\/strong>, con el cual buscan posicionar a Costa del Sol como un destino totalmente moderno acoplado a las nuevas tecnolog\u00edas.<\/p>\n\n\n\n<p>Esto se debe a que la pandemia ha revelado el poder que tienen las propuestas de marketing digital y tras la <strong>vuelta a la normalidad<\/strong>, un destino tan importante como este no puede quedarse atr\u00e1s, sobre todo cuando se quiere recuperar no solo el turismo, sino la econom\u00eda. Entre los objetivos espec\u00edficos que seguir\u00e1n se encuentran:<\/p>\n\n\n\n<div style=\"height:13px\" aria-hidden=\"true\" class=\"wp-block-spacer\"><\/div>\n\n\n\n<h3>Posicionamiento<\/h3>\n\n\n\n<p>En Costa del Sol actualmente se lleva a cabo una<strong> campa\u00f1a de posicionamiento <\/strong>en distintos soportes. El objetivo de esta parte del plan est\u00e1 centrado en incentivar en un primer momento a viajeros nacionales y posteriormente, abordar\u00e1 tambi\u00e9n el panorama internacional. Todo esto cuando se habiliten los viajes.<\/p>\n\n\n\n<div style=\"height:13px\" aria-hidden=\"true\" class=\"wp-block-spacer\"><\/div>\n\n\n\n<h3>Gesti\u00f3n del <a href=\"https:\/\/www.bigdata.uma.es\/\">Big Data<\/a><\/h3>\n\n\n\n<p>Con el Big Data el sector privado quiere afinar sus acciones para poder ofrecer un destino que tenga lo que las personas quieren y necesitan cuando se encuentran en la <strong>Costa del Sol<\/strong>. Es decir, a trav\u00e9s de este sistema se quiere identificar cu\u00e1les son los productos que m\u00e1s consumen, c\u00f3mo se comportan en la costa y a cu\u00e1nto ascienden sus gastos. La idea tambi\u00e9n es dar prioridad a la calidad sobre la cantidad.<\/p>\n\n\n\n<div style=\"height:13px\" aria-hidden=\"true\" class=\"wp-block-spacer\"><\/div>\n\n\n\n<h3>Propuesta Visual<\/h3>\n\n\n\n<p>El lanzamiento de <strong>contenido de alto impacto visual<\/strong> tambi\u00e9n ha sido importante, ya que a trav\u00e9s de los diferentes soportes se ha priorizado la promoci\u00f3n de lugares como el puente colgante El Saltillo o la Sierra de las Nieves. Tambi\u00e9n se han organizado proyectos o eventos que han logrado llegar a m\u00e1s de 150 pa\u00edses.<\/p>\n\n\n\n<div style=\"height:36px\" aria-hidden=\"true\" class=\"wp-block-spacer\"><\/div>\n\n\n\n<h2>3. Turismo como motor de la econom\u00eda<\/h2>\n\n\n\n<p>Tanto los empresarios como las m\u00e1ximas autoridades del turismo tienen considerado la vuelta de la actividad para el pr\u00f3ximo verano. Adem\u00e1s, los esfuerzos para la recuperaci\u00f3n econ\u00f3mica de la entidad van dirigidos a <strong>promocionar el turismo<\/strong>, esto se debe a que consideran que son las ganancias tur\u00edsticas el motor de la econom\u00eda, no solo de la Costa del Sol sino de la provincia de M\u00e1laga.<\/p>\n\n\n\n<div style=\"height:36px\" aria-hidden=\"true\" class=\"wp-block-spacer\"><\/div>\n\n\n\n<h2>4. Apertura entre las provincias andaluzas<\/h2>\n\n\n\n<p>Desde hace un par de semanas se autoriz\u00f3 la apertura de las provincias en Andaluc\u00eda, esta ha sido otra de las razones que justifica la tan anhelada recuperaci\u00f3n del turismo en la Costa del Sol. La rebaja en las restricciones contra la pandemia de Covid-19, se debe a que la cuarta ola ha sido m\u00e1s suave, lo que ha provocado tambi\u00e9n la <strong>apertura de la hosteler\u00eda<\/strong> y la actividad no esencial.<\/p>\n\n\n\n<p>Adem\u00e1s, la mayor\u00eda de las comunidades aut\u00f3nomas ya se encuentran en el 10% de poblaci\u00f3n inmunizada.<\/p>\n\n\n\n<div style=\"height:100px\" aria-hidden=\"true\" class=\"wp-block-spacer\"><\/div>\n","protected":false},"excerpt":{"rendered":"<p>La pandemia ha logrado que el turismo en la Costa del Sol registre n\u00fameros m\u00e1s que rojos. Sin embargo, tras un a\u00f1o catastr\u00f3fico para el sector, en la entidad llevan a cabo distintas estrategias para reducir el tiempo de recuperaci\u00f3n.<\/p>\n","protected":false},"author":1,"featured_media":106,"comment_status":"open","ping_status":"open","sticky":false,"template":"","format":"standard","meta":[],"categories":[4,29],"tags":[30],"_links":{"self":[{"href":"https:\/\/www.autotransferdelsol.com\/blog\/wp-json\/wp\/v2\/posts\/105"}],"collection":[{"href":"https:\/\/www.autotransferdelsol.com\/blog\/wp-json\/wp\/v2\/posts"}],"about":[{"href":"https:\/\/www.autotransferdelsol.com\/blog\/wp-json\/wp\/v2\/types\/post"}],"author":[{"embeddable":true,"href":"https:\/\/www.autotransferdelsol.com\/blog\/wp-json\/wp\/v2\/users\/1"}],"replies":[{"embeddable":true,"href":"https:\/\/www.autotransferdelsol.com\/blog\/wp-json\/wp\/v2\/comments?post=105"}],"version-history":[{"count":1,"href":"https:\/\/www.autotransferdelsol.com\/blog\/wp-json\/wp\/v2\/posts\/105\/revisions"}],"predecessor-version":[{"id":107,"href":"https:\/\/www.autotransferdelsol.com\/blog\/wp-json\/wp\/v2\/posts\/105\/revisions\/107"}],"wp:featuredmedia":[{"embeddable":true,"href":"https:\/\/www.autotransferdelsol.com\/blog\/wp-json\/wp\/v2\/media\/106"}],"wp:attachment":[{"href":"https:\/\/www.autotransferdelsol.com\/blog\/wp-json\/wp\/v2\/media?parent=105"}],"wp:term":[{"taxonomy":"category","embeddable":true,"href":"https:\/\/www.autotransferdelsol.com\/blog\/wp-json\/wp\/v2\/categories?post=105"},{"taxonomy":"post_tag","embeddable":true,"href":"https:\/\/www.autotransferdelsol.com\/blog\/wp-json\/wp\/v2\/tags?post=105"}],"curies":[{"name":"wp","href":"https:\/\/api.w.org\/{rel}","templated":true}]}}