{"id":147,"date":"2021-12-28T12:38:54","date_gmt":"2021-12-28T11:38:54","guid":{"rendered":"https:\/\/www.autotransferdelsol.com\/blog\/?p=147"},"modified":"2021-12-28T12:38:55","modified_gmt":"2021-12-28T11:38:55","slug":"marbella-registra-en-noviembre-la-mayor-ocupacion-hotelera-de-los-ultimos-17-anos","status":"publish","type":"post","link":"https:\/\/www.autotransferdelsol.com\/blog\/marbella-registra-en-noviembre-la-mayor-ocupacion-hotelera-de-los-ultimos-17-anos\/","title":{"rendered":"Marbella registra en noviembre la mayor ocupaci\u00f3n hotelera de los \u00faltimos 17 a\u00f1os"},"content":{"rendered":"\n<div style=\"height:38px\" aria-hidden=\"true\" class=\"wp-block-spacer\"><\/div>\n\n\n\n<p>Marbella registr\u00f3 el ya transcurrido mes de noviembre la m\u00e1s grande ocupaci\u00f3n hotelera de los \u00faltimos 17 a\u00f1os y un 15% m\u00e1s de visitantes de todo el mundo, que en el mismo mes de 2019, de acuerdo con la informaci\u00f3n del <strong><a href=\"https:\/\/www.ine.es\/\">Instituto Nacional de Estad\u00edstica<\/a> (INE).<\/strong><\/p>\n\n\n\n<p><strong>La directora general de Turismo, Laura de Arce<\/strong>, ha relevante que estos datos reflejan adem\u00e1s que el valor como el <em>RevPar <\/em>(ingresos por estancia ocupada) \u00ab<em>vuelven a crecer y se sit\u00faan como los m\u00e1s altos<\/em>\u00bb en el pen\u00faltimo mes del a\u00f1o desde que se tienen cantidades.<\/p>\n\n\n\n<p>\u00ab<em>Noviembre nos deja unos \u00edndices de ocupaci\u00f3n muy positivos, que corroboran lo que apuntaban las primeras estimaciones<\/em>\u00ab, ha indicado la responsable municipal, quien ha valorado que \u00ab<strong><em>por primera oportunidad este a\u00f1o 2021 el cliente extranjero super\u00f3 los registros de antes de la pandemia<\/em><\/strong>\u00ab.<\/p>\n\n\n\n<div style=\"height:17px\" aria-hidden=\"true\" class=\"wp-block-spacer\"><\/div>\n\n\n\n<p><strong>Los datos del INE reflejan una ocupaci\u00f3n hotelera en noviembre del 58,97%<\/strong>, \u00ab<em>batiendo todos los registros a lo largo de este mes desde 2004<\/em>\u00ab. En relaci\u00f3n a los visitantes, los internacionales se sit\u00faan un 15,24% por encima de los recibidos en 2019. \u00ab<em>Es la primera oportunidad que sucede en todo este ejercicio que est\u00e1 pr\u00f3ximo de terminar<\/em>\u00ab, ha subrayado la directora general.<\/p>\n\n\n\n<p>Por el opuesto, en esta oportunidad el cliente nacional, \u00abcuyo destacable aumento fu\u00e9 el primordial valedor de toda la temporada\u00bb, <strong>marc\u00f3 un descenso del 5,58% en relaci\u00f3n a noviembre de 2019.<\/strong><\/p>\n\n\n\n<p>En este sentido, ha resaltado que el turista alem\u00e1n \u00ab<em>no solo volvi\u00f3 a las cantidades anteriores a la pandemia, sino que sobrepasa los datos de hace dos a\u00f1os en miles de visitantes m\u00e1s, en tanto que el cliente franc\u00e9s sigue creciendo de forma incontenible, del mismo modo que el holand\u00e9s, visitantes de los dos pa\u00edses que <strong>incrementan su presencia en noviembre en bastante m\u00e1s de 600 pasajeros en relaci\u00f3n con 2019<\/strong><\/em><strong>\u2033.<\/strong><\/p>\n\n\n\n<p>Con respecto al de Inglaterra, a\u00f1adi\u00f3 De Arce, \u00ab<em>poco a poco se aproxima a los \u00edndices anteriores a la crisi<\/em>s\u00bb. De igual modo, apunt\u00f3 que en relaci\u00f3n a costos, como es una recurrente este a\u00f1o 2021, <strong>noviembre concluye con una media de 145,49 euros, superando en 48 euros al precio medio obtenido en noviembre de 2019<\/strong>, en tanto que el <em>RevPar <\/em>pasa de los 47,37 euros de hace dos a\u00f1os a los 88,56 euros en noviembre de este ejercicio.<\/p>\n\n\n\n<p>\u00ab<em>Concluyendo, este pen\u00faltimo mes del a\u00f1o <strong>nos deja unos datos m\u00e1s que positivos para los establecimientos hoteleros de nuestra localidad<\/strong>, en algunas ocasiones inclusive sin precedentes, aunque sabemos de que diciembre, gracias a la de hoy circunstancia de la pandemia, fundamentalmente en los pa\u00edses de europa de origen, no va a seguir esta misma pauta<\/em>\u00ab, asegur\u00f3 De Arce.<\/p>\n\n\n\n<div style=\"height:18px\" aria-hidden=\"true\" class=\"wp-block-spacer\"><\/div>\n\n\n\n<p>M\u00e1s all\u00e1 de todo, la directora general de <strong>Turismo<\/strong>, ha confiado en que en finales del a\u00f1o aumenten las estancias en la localidad marbell\u00ed y el a\u00f1o cierre con mayor optimismo que el a\u00f1o anterior.<\/p>\n\n\n\n<div style=\"height:62px\" aria-hidden=\"true\" class=\"wp-block-spacer\"><\/div>\n","protected":false},"excerpt":{"rendered":"<p>La directora general de Turismo, ha confiado en que en finales del a\u00f1o aumenten las estancias en la localidad marbell\u00ed y el a\u00f1o cierre con mayor optimismo que el a\u00f1o anterior&#8230;<\/p>\n","protected":false},"author":1,"featured_media":148,"comment_status":"open","ping_status":"open","sticky":false,"template":"","format":"standard","meta":[],"categories":[1,3,29],"tags":[30,43],"_links":{"self":[{"href":"https:\/\/www.autotransferdelsol.com\/blog\/wp-json\/wp\/v2\/posts\/147"}],"collection":[{"href":"https:\/\/www.autotransferdelsol.com\/blog\/wp-json\/wp\/v2\/posts"}],"about":[{"href":"https:\/\/www.autotransferdelsol.com\/blog\/wp-json\/wp\/v2\/types\/post"}],"author":[{"embeddable":true,"href":"https:\/\/www.autotransferdelsol.com\/blog\/wp-json\/wp\/v2\/users\/1"}],"replies":[{"embeddable":true,"href":"https:\/\/www.autotransferdelsol.com\/blog\/wp-json\/wp\/v2\/comments?post=147"}],"version-history":[{"count":1,"href":"https:\/\/www.autotransferdelsol.com\/blog\/wp-json\/wp\/v2\/posts\/147\/revisions"}],"predecessor-version":[{"id":149,"href":"https:\/\/www.autotransferdelsol.com\/blog\/wp-json\/wp\/v2\/posts\/147\/revisions\/149"}],"wp:featuredmedia":[{"embeddable":true,"href":"https:\/\/www.autotransferdelsol.com\/blog\/wp-json\/wp\/v2\/media\/148"}],"wp:attachment":[{"href":"https:\/\/www.autotransferdelsol.com\/blog\/wp-json\/wp\/v2\/media?parent=147"}],"wp:term":[{"taxonomy":"category","embeddable":true,"href":"https:\/\/www.autotransferdelsol.com\/blog\/wp-json\/wp\/v2\/categories?post=147"},{"taxonomy":"post_tag","embeddable":true,"href":"https:\/\/www.autotransferdelsol.com\/blog\/wp-json\/wp\/v2\/tags?post=147"}],"curies":[{"name":"wp","href":"https:\/\/api.w.org\/{rel}","templated":true}]}}