{"id":162,"date":"2022-02-14T16:01:45","date_gmt":"2022-02-14T15:01:45","guid":{"rendered":"https:\/\/www.autotransferdelsol.com\/blog\/?p=162"},"modified":"2022-02-14T18:05:18","modified_gmt":"2022-02-14T17:05:18","slug":"marbella-alcanza-el-segundo-puesto-en-el-ranking-de-mejor-destino-europeo-2022","status":"publish","type":"post","link":"https:\/\/www.autotransferdelsol.com\/blog\/marbella-alcanza-el-segundo-puesto-en-el-ranking-de-mejor-destino-europeo-2022\/","title":{"rendered":"Marbella alcanza el segundo puesto en el ranking de &#8216;Mejor Destino Europeo 2022&#8217;"},"content":{"rendered":"\n<p><strong>La ciudad malague\u00f1a de Marbella ha logrado subirse al podio en segundo lugar, solo por detr\u00e1s de Liubliana, la capital de Eslovenia&#8230;<\/strong><\/p>\n\n\n\n<p>Marbella ha conseguido el segundo puesto como <strong>&#8216;Mejor Destino Europeo 2022<\/strong>&#8216; por parte de la prestigiosa web de viajes <strong>European Best Destinations<\/strong> en asociaci\u00f3n con <strong>Eden Network<\/strong>, creado por la <strong><a href=\"https:\/\/ec.europa.eu\/info\/index_es\">Comisi\u00f3n Europea<\/a><\/strong>. La ciudad ha conseguido subirse al podio de esta distinci\u00f3n, solo por detr\u00e1s de Liubliana, la capital de <strong>Eslovenia<\/strong>, y por delante de otras grandes ciudades como <strong>Londres, Atenas o Roma<\/strong> que tambi\u00e9n estaban entre las 20 que compet\u00edan. Adem\u00e1s, la ciudad ha logrado el reconocimiento como <strong>la m\u00e1s exclusiva y prestigiosa.<\/strong><\/p>\n\n\n\n<div style=\"height:10px\" aria-hidden=\"true\" class=\"wp-block-spacer\"><\/div>\n\n\n\n<p>La alcaldesa, <strong>\u00c1ngeles Mu\u00f1oz<\/strong>, ha puesto el acento en que \u00ab<em>hemos alcanzado un magn\u00edfico resultado que evidencia la fortaleza de nuestra marca y de nuestra oferta de calidad<\/em>\u00bb. La regidora ha subrayado \u00ab<em>el enorme impacto promocional que supondr\u00e1 est\u00e1 distinci\u00f3n<\/em>\u00bb, valorado en m\u00e1s de dos millones de euros a lo largo de todo el a\u00f1o, y ha incidido en que Marbella \u00ab<em>ha sido el destino n\u00famero uno y m\u00e1s votado por los viajeros del Reino Unido, incluso por delante de Londres, precisamente uno de nuestros principales mercados emisores<\/em>\u00bb.<\/p>\n\n\n\n<p>Para la responsable pol\u00edtica, es \u00ab<em>un reclamo tur\u00edstico m\u00e1s en un momento crucial para el sector tras los dos a\u00f1os de pandemia<\/em>\u00bb y a aprovechado la ocasi\u00f3n para felicitar al equipo de la delegaci\u00f3n de Turismo \u00ab<em>por el gran trabajo que han realizado para conseguir este espaldarazo para la ciudad<\/em>\u00bb y ha agradecido el apoyo a las personas que han otorgado a la localidad un total de 61.401 votos.<\/p>\n\n\n\n<div style=\"height:25px\" aria-hidden=\"true\" class=\"wp-block-spacer\"><\/div>\n\n\n\n<p>El Consistorio marbell\u00ed hizo una apuesta decidida por esta distinci\u00f3n con la licitaci\u00f3n de un contrato del servicio para la obtenci\u00f3n de la certificaci\u00f3n para Marbella como mejor <strong>Destino Europeo a\u00f1o 2022<\/strong> por la <strong>Red Eden (European Destinations of Excellence) <\/strong>para difundir la Imagen de <strong>Turismo de Marbella<\/strong> por valor de casi 25.000 euros. <\/p>\n\n\n\n<p>Gracias a eso se puso en marcha una campa\u00f1a que ha culminado con el segundo puesto. El crecimiento de la difusi\u00f3n medi\u00e1tica en los destinos bonificados premiados supera el 81 por ciento de promedio y se estima que la promoci\u00f3n llegar\u00e1 a m\u00e1s de 420 millones de viajeros.<\/p>\n\n\n\n<p>En este sentido, Mu\u00f1oz ha explicado que, seg\u00fan informes de ediciones anteriores, \u00ab<em>algunas de las candidatas que compitieron en la fase final alcanzaron crecimientos tur\u00edsticos de hasta el 41 por ciento y que, en el caso de localidades como Dinant (B\u00e9lgica), la repercusi\u00f3n econ\u00f3mica fue de m\u00e1s de 15 millones de euros<\/em>\u00bb. Una repercusi\u00f3n que se alcanza gracias a que en la segunda fase, despu\u00e9s de ser seleccionada de entre 400 candidaturas, la ciudad ha tenido la cobertura de la plataforma European Best Destinations, as\u00ed como de medios asociados como <strong>Forbes USA, Cond\u00e9 Nast Travelers, Geo, National Geographic, Yahoo o Corriere Viaggi<\/strong>, entre otros.<\/p>\n\n\n\n<div style=\"height:100px\" aria-hidden=\"true\" class=\"wp-block-spacer\"><\/div>\n","protected":false},"excerpt":{"rendered":"<p>La ciudad malague\u00f1a de Marbella ha logrado subirse al podio en segundo lugar, solo por detr\u00e1s de Liubliana, la capital de Eslovenia&#8230;<\/p>\n","protected":false},"author":1,"featured_media":165,"comment_status":"open","ping_status":"open","sticky":false,"template":"","format":"standard","meta":[],"categories":[1,3,29],"tags":[43,51],"_links":{"self":[{"href":"https:\/\/www.autotransferdelsol.com\/blog\/wp-json\/wp\/v2\/posts\/162"}],"collection":[{"href":"https:\/\/www.autotransferdelsol.com\/blog\/wp-json\/wp\/v2\/posts"}],"about":[{"href":"https:\/\/www.autotransferdelsol.com\/blog\/wp-json\/wp\/v2\/types\/post"}],"author":[{"embeddable":true,"href":"https:\/\/www.autotransferdelsol.com\/blog\/wp-json\/wp\/v2\/users\/1"}],"replies":[{"embeddable":true,"href":"https:\/\/www.autotransferdelsol.com\/blog\/wp-json\/wp\/v2\/comments?post=162"}],"version-history":[{"count":1,"href":"https:\/\/www.autotransferdelsol.com\/blog\/wp-json\/wp\/v2\/posts\/162\/revisions"}],"predecessor-version":[{"id":163,"href":"https:\/\/www.autotransferdelsol.com\/blog\/wp-json\/wp\/v2\/posts\/162\/revisions\/163"}],"wp:featuredmedia":[{"embeddable":true,"href":"https:\/\/www.autotransferdelsol.com\/blog\/wp-json\/wp\/v2\/media\/165"}],"wp:attachment":[{"href":"https:\/\/www.autotransferdelsol.com\/blog\/wp-json\/wp\/v2\/media?parent=162"}],"wp:term":[{"taxonomy":"category","embeddable":true,"href":"https:\/\/www.autotransferdelsol.com\/blog\/wp-json\/wp\/v2\/categories?post=162"},{"taxonomy":"post_tag","embeddable":true,"href":"https:\/\/www.autotransferdelsol.com\/blog\/wp-json\/wp\/v2\/tags?post=162"}],"curies":[{"name":"wp","href":"https:\/\/api.w.org\/{rel}","templated":true}]}}